{"id":3156,"date":"2022-01-26T09:24:24","date_gmt":"2022-01-26T08:24:24","guid":{"rendered":"http:\/\/www.globalcompact-tunisia.org\/?p=3156"},"modified":"2022-08-23T00:29:35","modified_gmt":"2022-08-22T22:29:35","slug":"lettre-aux-parties-prenantes-du-pacte-mondial-des-nations-unies-de-sanda-ojiambo-pdg-et-directrice-executive-pacte-mondial-des-nations-unies","status":"publish","type":"post","link":"https:\/\/www.globalcompact-tunisia.org\/index.php\/2022\/01\/26\/lettre-aux-parties-prenantes-du-pacte-mondial-des-nations-unies-de-sanda-ojiambo-pdg-et-directrice-executive-pacte-mondial-des-nations-unies\/","title":{"rendered":"Lettre aux parties prenantes du Pacte Mondial des Nations Unies de Sanda Ojiambo, PDG et Directrice Ex\u00e9cutive, Pacte Mondial des Nations Unies"},"content":{"rendered":"<p dir=\"ltr\">24 Janvier 2022<\/p>\n<p>&nbsp;<\/p>\n<p dir=\"ltr\">Cher \/ Ch\u00e8re participant(e)s du Pacte Mondial des Nations Unies<\/p>\n<p>&nbsp;<\/p>\n<p dir=\"ltr\">Alors que nous entrons dans la troisi\u00e8me ann\u00e9e de la pand\u00e9mie mondiale du coronavirus, nous ne pouvons que reconna\u00eetre l&rsquo;\u00e9volution du monde du travail et l&rsquo;impact que cela a eu sur les entreprises, bien s\u00fbr, mais aussi sur la soci\u00e9t\u00e9 dans son ensemble. Nous allons devoir continuer \u00e0 naviguer au travers de ces changements qui s\u2019imposent \u00e0 nous avec la crise du COVID.<\/p>\n<p>&nbsp;<\/p>\n<p dir=\"ltr\">Pourtant, nous faisons face \u00e0 ces d\u00e9fis avec optimisme, conscients qu&rsquo;il y a une opportunit\u00e9 dans chaque crise. Celle-ci nous donne l&rsquo;occasion de prendre la mesure des r\u00e9alit\u00e9s mondiales actuelles et de commencer \u00e0 mettre en \u0153uvre les changements n\u00e9cessaires pour nous diriger, ainsi que nos organisations et notre plan\u00e8te, vers un futur plus durable.<\/p>\n<p>&nbsp;<\/p>\n<p dir=\"ltr\">Au Pacte Mondial des Nations Unies, nous continuons \u00e0 aller de l&rsquo;avant, en d\u00e9pit, mais aussi en r\u00e9ponse, aux d\u00e9fis mondiaux auxquels nous sommes confront\u00e9s. Et je me r\u00e9jouis de voir que notre initiative grandit et se consolide, gr\u00e2ce \u00e0 un nombre toujours plus important d\u2019entreprises membres, de partenaires, de bailleurs financiers, mais aussi gr\u00e2ce \u00e0 l\u2019engagement de tous en faveur du d\u00e9veloppement durable et de nos Dix principes, qui reste plus fort que jamais.<\/p>\n<p>&nbsp;<\/p>\n<p dir=\"ltr\">La puissance des partenariats public-priv\u00e9<\/p>\n<p>&nbsp;<\/p>\n<p dir=\"ltr\">Tout au long de cette pand\u00e9mie, nous avons pu constater les avantages des partenariats public-priv\u00e9. Ils ont \u00e9t\u00e9 d\u00e9terminants pour fournir des \u00e9quipements de protection individuelle, des tests, de l\u2019aide humanitaire et pour produire et distribuer des vaccins. Pourtant, l\u2019\u00e9quit\u00e9 reste un immense d\u00e9fi. Les disparit\u00e9s dans la distribution des vaccins entre le Nord et le Sud sont flagrantes et inadmissibles. Nous ne pouvons pas nous diriger vers un monde post-COVID si nous n\u2019agissons pas collectivement, avec un acc\u00e8s total aux vaccins et une \u00e9quit\u00e9 garantie.<\/p>\n<p dir=\"ltr\">\n<p dir=\"ltr\">Ancr\u00e9 dans les valeurs des Nations Unies et nos Dix principes, le Pacte Mondial occupe une position unique pour soutenir une reprise g\u00e9n\u00e9ralis\u00e9e, en travaillant en partenariat avec des entreprises dans chaque pays et communaut\u00e9.<\/p>\n<p>&nbsp;<\/p>\n<p dir=\"ltr\">Par exemple, nos nouvelles strat\u00e9gies pour <a href=\"https:\/\/unglobalcompact.org\/library\/5970\">l&rsquo;Afrique<\/a> et la Chine visent \u00e0 lib\u00e9rer le potentiel du march\u00e9 qui conna\u00eet la plus forte croissance au monde et l\u2019impact global de l&rsquo;\u00e9conomie chinoise.<\/p>\n<p>&nbsp;<\/p>\n<p dir=\"ltr\">Faire progresser les Objectifs de d\u00e9veloppement durable<\/p>\n<p>&nbsp;<\/p>\n<p dir=\"ltr\">Tirer parti du pouvoir du secteur priv\u00e9 pour favoriser l&rsquo;engagement responsable et faire progresser les Objectifs de d\u00e9veloppement durable (ODD) est au c\u0153ur de notre travail. Les entreprises, grandes et petites, ont un r\u00f4le cl\u00e9 \u00e0 jouer pour acc\u00e9l\u00e9rer les actions ambitieuses dont nous avons besoin pour assurer un avenir dans lequel nos soci\u00e9t\u00e9s et la plan\u00e8te peuvent prosp\u00e9rer.<\/p>\n<p>&nbsp;<\/p>\n<p dir=\"ltr\">Comme expos\u00e9 dans notre strat\u00e9gie 2021-2023, notre ambition est d&rsquo;acc\u00e9l\u00e9rer et d&rsquo;amplifier l&rsquo;impact mondial des entreprises en respectant nos Dix principes et en atteignant les ODD. Pour ce faire, nous concentrons nos efforts sur la r\u00e9solution des d\u00e9fis mondiaux les plus pressants, \u00e0 travers sept domaines prioritaires dans lesquels les entreprises ont un impact consid\u00e9rable sur les r\u00e9sultats : lutte contre la corruption, lutte contre le changement climatique, Droits de l&rsquo;Homme, travail d\u00e9cent, \u00e9galit\u00e9 entre les sexes, int\u00e9gration des ODD et gouvernance transformationnelle.<\/p>\n<p>&nbsp;<\/p>\n<p dir=\"ltr\">Nouvelles opportunit\u00e9s d&rsquo;engagement<\/p>\n<p>&nbsp;<\/p>\n<p dir=\"ltr\">Quel que soit leur niveau de maturit\u00e9 sur le sujet du d\u00e9veloppement durable, nos <a href=\"https:\/\/info.unglobalcompact.org\/l\/591891\/2022-01-04\/493jyf\/591891\/1641310342EQoLgnAd\/UNGC_New_Value_Prop_Brochure_Design.pdf\">nouvelles opportunit\u00e9s d&rsquo;engagement<\/a> aideront les entreprises participantes \u00e0 se rencontrer, \u00e0 apprendre, \u00e0 agir et \u00e0 communiquer. Elles pourront ainsi aller plus vite et plus loin dans la d\u00e9monstration de leurs progr\u00e8s en mati\u00e8re de d\u00e9veloppement durable.<\/p>\n<p>&nbsp;<\/p>\n<p dir=\"ltr\">Cette nouvelle offre de programmes du Pacte Mondial des Nations Unies sera financ\u00e9e par un mod\u00e8le de cotisations simplifi\u00e9 avec un unique niveau d\u2019engagement donnant acc\u00e8s \u00e0 l&rsquo;ensemble de nos programmes, y compris l&rsquo;Acad\u00e9mie, \u00e0 toutes les entreprises participantes.<\/p>\n<p>&nbsp;<\/p>\n<p dir=\"ltr\">La majorit\u00e9 des participants ne constateront pas de changement significatif au niveau de leur contribution financi\u00e8re. Cependant, les entreprises dont le chiffre d&rsquo;affaires annuel d\u00e9passe 10 milliards de dollars US seront concern\u00e9es et b\u00e9n\u00e9ficieront, en retour, de plus de services et de plus grandes opportunit\u00e9s d&rsquo;engagement dans les pays dans lesquels elles sont implant\u00e9es et dans leurs cha\u00eenes de valeur. Le nouveau bar\u00e8me de cotisation, qui n\u2019entrera en vigueur qu\u2019en 2023 pour les entreprises d\u00e9j\u00e0 participantes, nous aidera \u00e0 remplir notre mission et permettra de garantir :<\/p>\n<ul>\n<li dir=\"ltr\">des r\u00e9seaux locaux et des p\u00f4les r\u00e9gionaux solides pour accro\u00eetre l&rsquo;impact au niveau national ;<\/li>\n<li dir=\"ltr\">de nouveaux programmes soutenus par une infrastructure num\u00e9rique performante ;<\/li>\n<li dir=\"ltr\">un soutien accru aux PME qui nous aidera \u00e0 travailler avec les cha\u00eenes de valeur des multinationales et de nombreuses entreprises nationales et locales.<\/li>\n<\/ul>\n<p dir=\"ltr\">\n<p dir=\"ltr\">Nous savons que nos fondamentaux sont solides. Mais nous ne serons capables de r\u00e9soudre les enjeux plan\u00e9taires qui nous font face que si nous sommes capables d\u2019agilit\u00e9. Nous devons agir \u00e0 une \u00e9chelle et \u00e0 un rythme in\u00e9dits. Mais je suis convaincue que le Pacte Mondial est l\u2019acteur de r\u00e9f\u00e9rence pour accompagner le secteur priv\u00e9 dans la bonne direction. Nous avons, \u00e0 mon avis, une longueur d&rsquo;avance, non seulement au regard de l&rsquo;augmentation constante du nombre d&rsquo;entreprises participantes engag\u00e9es dans le d\u00e9veloppement durable, mais \u00e9galement parce que nous avons r\u00e9ussi \u00e0 forger un type de relation qui favorise une communication bas\u00e9e sur le dialogue. Nous ne nous contentons pas d&rsquo;accompagner nos entreprises participantes ; nous les \u00e9coutons et les soutenons.<\/p>\n<p>&nbsp;<\/p>\n<p dir=\"ltr\">Aujourd\u2019hui, les investisseurs et les gouvernements reconnaissent de plus en plus le r\u00f4le des entreprises comme acteurs de premiers plans dans la transition vers un avenir durable et protecteur du climat. Le secteur priv\u00e9 a un r\u00f4le essentiel \u00e0 jouer dans l&rsquo;avenir du financement et de l&rsquo;investissement des entreprises en tant que catalyseur pour aider \u00e0 atteindre les ODD d&rsquo;ici 2030 et r\u00e9duire de moiti\u00e9 les \u00e9missions de carbone d&rsquo;ici 2050.<\/p>\n<p>&nbsp;<\/p>\n<p dir=\"ltr\">Communiquer sur les progr\u00e8s<\/p>\n<p>&nbsp;<\/p>\n<p dir=\"ltr\">Dans le but de cr\u00e9er davantage de valeur et de rationaliser les rapports de d\u00e9veloppement durable pour toutes les entreprises participantes, le Pacte Mondial des Nations Unies a le plaisir d&rsquo;annoncer le lancement d&rsquo;une nouvelle plateforme am\u00e9lior\u00e9e de Communication sur le Progr\u00e8s, qui sera disponible en 2023.<\/p>\n<p>&nbsp;<\/p>\n<p dir=\"ltr\">Notre nouvelle Communication sur le Progr\u00e8s aidera les entreprises \u00e0 se fixer des objectifs et \u00e0 suivre leurs progr\u00e8s en mati\u00e8re de d\u00e9veloppement durable, pour aligner leur activit\u00e9 sur les Dix principes et les ODD. D\u00e8s cette ann\u00e9e, nous invitons 500 entreprises participantes \u00e0 rejoindre notre <a href=\"https:\/\/unglobalcompact.org\/participation\/report\/cop\/early-adopter-programme\">programme Early Adopter<\/a> en leur donnant un acc\u00e8s anticip\u00e9 \u00e0 la plateforme, aux outils et aux ressources pour accompagner leur transition.<\/p>\n<p>&nbsp;<\/p>\n<p dir=\"ltr\">Qu&rsquo;il s&rsquo;agisse de r\u00e9aligner les investissements sur les ODD, de g\u00e9rer l&rsquo;adaptation au changement climatique ou de renforcer les efforts pour combler les in\u00e9galit\u00e9s, je suis convaincue qu&rsquo;en travaillant ensemble, nous serons non seulement en mesure de prot\u00e9ger la plan\u00e8te, mais aussi capables de renforcer la r\u00e9silience des entreprises pour les d\u00e9cennies \u00e0 venir.<\/p>\n<p>&nbsp;<\/p>\n<p dir=\"ltr\">Je vous remercie pour votre participation continue et votre engagement au sein du Pacte Mondial des Nations Unies. Continuons d&rsquo;avancer ensemble, unis dans la construction d&rsquo;un monde meilleur.<\/p>\n<p>&nbsp;<\/p>\n<p dir=\"ltr\">Sinc\u00e8rement,<\/p>\n<p dir=\"ltr\"><img loading=\"lazy\" decoding=\"async\" src=\"https:\/\/lh6.googleusercontent.com\/CG1F91kMmhQXPrqulJOTWyElmv4Y1ZdAta7jVV_iyOdBG3v6BZKet-lyNL8oRv1Wr22rol-ox0Ry8OhcRfmLfO1pD4AGCOOgKonWMOzw4E2L1DpiDGSYG_28sXSJvvZx3bLc5A1n\" alt=\"\" width=\"187\" height=\"79\" \/><\/p>\n<p dir=\"ltr\">Sanda Ojiambo<\/p>\n<p>&nbsp;<\/p>\n<p dir=\"ltr\">Directrice Ex\u00e9cutive, Pacte Mondial des Nations Unies<\/p>\n","protected":false},"excerpt":{"rendered":"<p>24 Janvier 2022 &nbsp; Cher \/ Ch\u00e8re participant(e)s du Pacte Mondial des Nations Unies &nbsp; Alors que nous entrons dans la troisi\u00e8me ann\u00e9e de la pand\u00e9mie mondiale du coronavirus, nous ne pouvons que reconna\u00eetre l&rsquo;\u00e9volution du monde du travail et l&rsquo;impact que cela a eu sur les entreprises, bien s\u00fbr, mais aussi sur la soci\u00e9t\u00e9 [&hellip;]<\/p>\n","protected":false},"author":1,"featured_media":3157,"comment_status":"open","ping_status":"open","sticky":false,"template":"","format":"standard","meta":{"_price":"","_stock":"","_tribe_ticket_header":"","_tribe_default_ticket_provider":"","_tribe_ticket_capacity":"0","_ticket_start_date":"","_ticket_end_date":"","_tribe_ticket_show_description":"","_tribe_ticket_show_not_going":false,"_tribe_ticket_use_global_stock":"","_tribe_ticket_global_stock_level":"","_global_stock_mode":"","_global_stock_cap":"","_tribe_rsvp_for_event":"","_tribe_ticket_going_count":"","_tribe_ticket_not_going_count":"","_tribe_tickets_list":[],"_tribe_ticket_has_attendee_info_fields":false,"footnotes":""},"categories":[1],"tags":[],"class_list":["post-3156","post","type-post","status-publish","format-standard","has-post-thumbnail","hentry","category-non-classe"],"_links":{"self":[{"href":"https:\/\/www.globalcompact-tunisia.org\/index.php\/wp-json\/wp\/v2\/posts\/3156","targetHints":{"allow":["GET"]}}],"collection":[{"href":"https:\/\/www.globalcompact-tunisia.org\/index.php\/wp-json\/wp\/v2\/posts"}],"about":[{"href":"https:\/\/www.globalcompact-tunisia.org\/index.php\/wp-json\/wp\/v2\/types\/post"}],"author":[{"embeddable":true,"href":"https:\/\/www.globalcompact-tunisia.org\/index.php\/wp-json\/wp\/v2\/users\/1"}],"replies":[{"embeddable":true,"href":"https:\/\/www.globalcompact-tunisia.org\/index.php\/wp-json\/wp\/v2\/comments?post=3156"}],"version-history":[{"count":1,"href":"https:\/\/www.globalcompact-tunisia.org\/index.php\/wp-json\/wp\/v2\/posts\/3156\/revisions"}],"predecessor-version":[{"id":3158,"href":"https:\/\/www.globalcompact-tunisia.org\/index.php\/wp-json\/wp\/v2\/posts\/3156\/revisions\/3158"}],"wp:featuredmedia":[{"embeddable":true,"href":"https:\/\/www.globalcompact-tunisia.org\/index.php\/wp-json\/wp\/v2\/media\/3157"}],"wp:attachment":[{"href":"https:\/\/www.globalcompact-tunisia.org\/index.php\/wp-json\/wp\/v2\/media?parent=3156"}],"wp:term":[{"taxonomy":"category","embeddable":true,"href":"https:\/\/www.globalcompact-tunisia.org\/index.php\/wp-json\/wp\/v2\/categories?post=3156"},{"taxonomy":"post_tag","embeddable":true,"href":"https:\/\/www.globalcompact-tunisia.org\/index.php\/wp-json\/wp\/v2\/tags?post=3156"}],"curies":[{"name":"wp","href":"https:\/\/api.w.org\/{rel}","templated":true}]}}