{"id":3453,"date":"2022-05-13T10:23:24","date_gmt":"2022-05-13T08:23:24","guid":{"rendered":"http:\/\/www.globalcompact-tunisia.org\/?p=3453"},"modified":"2022-08-23T00:29:35","modified_gmt":"2022-08-22T22:29:35","slug":"un-global-compact-leaders-summit-2022","status":"publish","type":"post","link":"https:\/\/www.globalcompact-tunisia.org\/index.php\/2022\/05\/13\/un-global-compact-leaders-summit-2022\/","title":{"rendered":"UN Global Compact Leaders Summit 2022"},"content":{"rendered":"<p>Le Leaders Summit du Pacte mondial des Nations Unies se d\u00e9roulera du 1er au 2 juin 2022 et r\u00e9unira les dirigeants du monde des affaires, du gouvernement, des Nations Unies, de la soci\u00e9t\u00e9 civile et de tous nos r\u00e9seaux locaux.<br \/>\nSous le th\u00e8me #TheWorldWeWant, le Sommet de cette ann\u00e9e dressera un bilan des progr\u00e8s r\u00e9alis\u00e9s jusqu\u2019\u00e0 pr\u00e9sent en mati\u00e8re d\u2019ODD et pr\u00e9sentera des actions innovantes permettant de reconstruire un monde juste, \u00e9quitable et r\u00e9silient.<\/p>\n<p>Inscriptions: https:\/\/events.unglobalcompact.org\/leaderssummit22\/Tickets<\/p>\n","protected":false},"excerpt":{"rendered":"<p>Le Leaders Summit du Pacte mondial des Nations Unies se d\u00e9roulera du 1er au 2 juin 2022 et r\u00e9unira les dirigeants du monde des affaires, du gouvernement, des Nations Unies, de la soci\u00e9t\u00e9 civile et de tous nos r\u00e9seaux locaux. Sous le th\u00e8me #TheWorldWeWant, le Sommet de cette ann\u00e9e dressera un bilan des progr\u00e8s r\u00e9alis\u00e9s [&hellip;]<\/p>\n","protected":false},"author":1,"featured_media":3275,"comment_status":"open","ping_status":"open","sticky":false,"template":"","format":"standard","meta":{"_price":"","_stock":"","_tribe_ticket_header":"","_tribe_default_ticket_provider":"","_tribe_ticket_capacity":"0","_ticket_start_date":"","_ticket_end_date":"","_tribe_ticket_show_description":"","_tribe_ticket_show_not_going":false,"_tribe_ticket_use_global_stock":"","_tribe_ticket_global_stock_level":"","_global_stock_mode":"","_global_stock_cap":"","_tribe_rsvp_for_event":"","_tribe_ticket_going_count":"","_tribe_ticket_not_going_count":"","_tribe_tickets_list":[],"_tribe_ticket_has_attendee_info_fields":false,"footnotes":""},"categories":[60],"tags":[],"class_list":["post-3453","post","type-post","status-publish","format-standard","has-post-thumbnail","hentry","category-sensibilisation"],"_links":{"self":[{"href":"https:\/\/www.globalcompact-tunisia.org\/index.php\/wp-json\/wp\/v2\/posts\/3453","targetHints":{"allow":["GET"]}}],"collection":[{"href":"https:\/\/www.globalcompact-tunisia.org\/index.php\/wp-json\/wp\/v2\/posts"}],"about":[{"href":"https:\/\/www.globalcompact-tunisia.org\/index.php\/wp-json\/wp\/v2\/types\/post"}],"author":[{"embeddable":true,"href":"https:\/\/www.globalcompact-tunisia.org\/index.php\/wp-json\/wp\/v2\/users\/1"}],"replies":[{"embeddable":true,"href":"https:\/\/www.globalcompact-tunisia.org\/index.php\/wp-json\/wp\/v2\/comments?post=3453"}],"version-history":[{"count":1,"href":"https:\/\/www.globalcompact-tunisia.org\/index.php\/wp-json\/wp\/v2\/posts\/3453\/revisions"}],"predecessor-version":[{"id":3454,"href":"https:\/\/www.globalcompact-tunisia.org\/index.php\/wp-json\/wp\/v2\/posts\/3453\/revisions\/3454"}],"wp:featuredmedia":[{"embeddable":true,"href":"https:\/\/www.globalcompact-tunisia.org\/index.php\/wp-json\/wp\/v2\/media\/3275"}],"wp:attachment":[{"href":"https:\/\/www.globalcompact-tunisia.org\/index.php\/wp-json\/wp\/v2\/media?parent=3453"}],"wp:term":[{"taxonomy":"category","embeddable":true,"href":"https:\/\/www.globalcompact-tunisia.org\/index.php\/wp-json\/wp\/v2\/categories?post=3453"},{"taxonomy":"post_tag","embeddable":true,"href":"https:\/\/www.globalcompact-tunisia.org\/index.php\/wp-json\/wp\/v2\/tags?post=3453"}],"curies":[{"name":"wp","href":"https:\/\/api.w.org\/{rel}","templated":true}]}}