{"id":3722,"date":"2022-05-31T12:14:26","date_gmt":"2022-05-31T10:14:26","guid":{"rendered":"http:\/\/www.globalcompact-tunisia.org\/?p=3722"},"modified":"2022-08-23T00:29:35","modified_gmt":"2022-08-22T22:29:35","slug":"1er-forum-du-reseau-pacte-mondial-tunisie-9-juin-2022","status":"publish","type":"post","link":"https:\/\/www.globalcompact-tunisia.org\/index.php\/2022\/05\/31\/1er-forum-du-reseau-pacte-mondial-tunisie-9-juin-2022\/","title":{"rendered":"1er forum du r\u00e9seau Pacte Mondial Tunisie \u2013 9 juin 2022"},"content":{"rendered":"<p>Le r\u00e9seau Pacte Mondial Tunisie a l\u2019honneur et le privil\u00e8ge de vous convier \u00e0 son 1<sup>er<\/sup> forum qui se tiendra <strong>jeudi 9 juin 2022<\/strong> \u00e0 l\u2019h\u00f4tel M\u00f6venpick Berges du Lac.<\/p>\n<p>Organis\u00e9 sous le patronage de Madame Leila Chikhaoui Al-Mahdawi, Ministre de l\u2019environnement, ce forum intitul\u00e9 \u00ab\u00a0<strong>UN PACTE MONDIAL ET LOCAL POUR LA LUTTE CONTRE LE CHANGEMENT CLIMATIQUE<\/strong>\u00a0\u00bb sera anim\u00e9 par de nombreux intervenants et partenaires, experts et sp\u00e9cialistes, et les d\u00e9bats permettront d\u2019aborder la th\u00e9matique de la lutte contre le changement climatique dans le contexte actuel en Tunisie et dans le monde, avec des sujets de discussion sur la Contribution D\u00e9termin\u00e9e au niveau National de la Tunisie, la Strat\u00e9gie Nationale Bas Carbone, ou sur la participation \u00e0 l\u2019atteinte des Objectifs de D\u00e9veloppement Durable par exemple.<\/p>\n<p>Nous nous tenons \u00e0 votre enti\u00e8re disposition pour tout renseignement compl\u00e9mentaire et nous nous r\u00e9jouissons d\u00e9j\u00e0 de votre pr\u00e9sence, convaincus de la valeur ajout\u00e9e de votre participation aux \u00e9changes et aux partenariats.<\/p>\n<p>Nous vous remercions de bien vouloir nous confirmer par mail communitymanager@globalcompact-tunisia.org ou sur le 26 908 675<\/p>\n","protected":false},"excerpt":{"rendered":"<p>Le r\u00e9seau Pacte Mondial Tunisie a l\u2019honneur et le privil\u00e8ge de vous convier \u00e0 son 1er forum qui se tiendra jeudi 9 juin 2022 \u00e0 l\u2019h\u00f4tel M\u00f6venpick Berges du Lac. Organis\u00e9 sous le patronage de Madame Leila Chikhaoui Al-Mahdawi, Ministre de l\u2019environnement, ce forum intitul\u00e9 \u00ab\u00a0UN PACTE MONDIAL ET LOCAL POUR LA LUTTE CONTRE LE [&hellip;]<\/p>\n","protected":false},"author":1,"featured_media":3723,"comment_status":"open","ping_status":"open","sticky":false,"template":"","format":"standard","meta":{"_price":"","_stock":"","_tribe_ticket_header":"","_tribe_default_ticket_provider":"","_tribe_ticket_capacity":"0","_ticket_start_date":"","_ticket_end_date":"","_tribe_ticket_show_description":"","_tribe_ticket_show_not_going":false,"_tribe_ticket_use_global_stock":"","_tribe_ticket_global_stock_level":"","_global_stock_mode":"","_global_stock_cap":"","_tribe_rsvp_for_event":"","_tribe_ticket_going_count":"","_tribe_ticket_not_going_count":"","_tribe_tickets_list":[],"_tribe_ticket_has_attendee_info_fields":false,"footnotes":""},"categories":[1],"tags":[],"class_list":["post-3722","post","type-post","status-publish","format-standard","has-post-thumbnail","hentry","category-non-classe"],"_links":{"self":[{"href":"https:\/\/www.globalcompact-tunisia.org\/index.php\/wp-json\/wp\/v2\/posts\/3722","targetHints":{"allow":["GET"]}}],"collection":[{"href":"https:\/\/www.globalcompact-tunisia.org\/index.php\/wp-json\/wp\/v2\/posts"}],"about":[{"href":"https:\/\/www.globalcompact-tunisia.org\/index.php\/wp-json\/wp\/v2\/types\/post"}],"author":[{"embeddable":true,"href":"https:\/\/www.globalcompact-tunisia.org\/index.php\/wp-json\/wp\/v2\/users\/1"}],"replies":[{"embeddable":true,"href":"https:\/\/www.globalcompact-tunisia.org\/index.php\/wp-json\/wp\/v2\/comments?post=3722"}],"version-history":[{"count":1,"href":"https:\/\/www.globalcompact-tunisia.org\/index.php\/wp-json\/wp\/v2\/posts\/3722\/revisions"}],"predecessor-version":[{"id":3725,"href":"https:\/\/www.globalcompact-tunisia.org\/index.php\/wp-json\/wp\/v2\/posts\/3722\/revisions\/3725"}],"wp:featuredmedia":[{"embeddable":true,"href":"https:\/\/www.globalcompact-tunisia.org\/index.php\/wp-json\/wp\/v2\/media\/3723"}],"wp:attachment":[{"href":"https:\/\/www.globalcompact-tunisia.org\/index.php\/wp-json\/wp\/v2\/media?parent=3722"}],"wp:term":[{"taxonomy":"category","embeddable":true,"href":"https:\/\/www.globalcompact-tunisia.org\/index.php\/wp-json\/wp\/v2\/categories?post=3722"},{"taxonomy":"post_tag","embeddable":true,"href":"https:\/\/www.globalcompact-tunisia.org\/index.php\/wp-json\/wp\/v2\/tags?post=3722"}],"curies":[{"name":"wp","href":"https:\/\/api.w.org\/{rel}","templated":true}]}}