{"id":7930,"date":"2022-08-23T12:04:13","date_gmt":"2022-08-23T10:04:13","guid":{"rendered":"http:\/\/www.globalcompact-tunisia.org\/?p=7930"},"modified":"2022-08-23T12:04:44","modified_gmt":"2022-08-23T10:04:44","slug":"untinig-business-live-19_21-septembre-2022","status":"publish","type":"post","link":"https:\/\/www.globalcompact-tunisia.org\/index.php\/2022\/08\/23\/untinig-business-live-19_21-septembre-2022\/","title":{"rendered":"Untinig Business Live 19_21 septembre 2022"},"content":{"rendered":"<p>Le <strong>Uniting Business Live<\/strong> se d\u00e9roulera cette ann\u00e9e du 19 au 21 septembre prochain. Cet <strong>\u00e9v\u00e9nement\u00a0<em><u>virtuel<\/u><\/em>\u00a0inclusif, percutant et innovant<\/strong>\u00a0 relie les dialogues multipartites de haut niveau\u00a0<strong>du Forum du secteur priv\u00e9, du Global Impact Forum\u00a0<\/strong>\u00a0et des exemples de leadership du\u00a0<strong>SDG Business Forum<\/strong>.<\/p>\n<p>&nbsp;<\/p>\n<p>Au d\u00e9but de la semaine d&rsquo;ouverture de la prochaine session de l&rsquo;Assembl\u00e9e g\u00e9n\u00e9rale des Nations Unies, des chefs d&rsquo;entreprise, des chefs d&rsquo;\u00c9tat et de gouvernement avant-gardistes, des experts en d\u00e9veloppement durable et des chefs d&rsquo;entreprise, ainsi que des chefs d&rsquo;agences des Nations Unies et d&rsquo;organisations de la soci\u00e9t\u00e9 civile se r\u00e9uniront pour <strong>faire le point sur l&rsquo;\u00e9tat du monde\u00a0 et comment combler les lacunes en cours<\/strong>, <strong>stimuler l&rsquo;ambition des entreprises sur les ODD<\/strong> et <strong>mettre en \u00e9vidence les solutions coop\u00e9ratives et exploitables qui sont pr\u00eates<\/strong> &#8211; aujourd&rsquo;hui.<strong>\u00a0<\/strong><\/p>\n<p>Nous avons le plaisir de vous inviter \u00e0 rejoindre cet \u00e9v\u00e9nement en ligne du 19 au 21 septembre, pour 3 jours de connexion et de points significatifs \u00e0 retenir et d\u00e9couvrez comment les entreprises peuvent <strong>prendre des mesures efficaces<\/strong> et faire preuve d&rsquo;un <strong>leadership audacieux<\/strong> pour transformer les \u00e9conomies afin de <strong>devenir plus justes et inclusives<\/strong>.<\/p>\n<p>&nbsp;<\/p>\n<p>Inscription\u00a0: <a href=\"https:\/\/events.unglobalcompact.org\/unitingbusinesslive22\/Home\">Cliquer ici<\/a><\/p>\n","protected":false},"excerpt":{"rendered":"<p>Le Uniting Business Live se d\u00e9roulera cette ann\u00e9e du 19 au 21 septembre prochain. Cet \u00e9v\u00e9nement\u00a0virtuel\u00a0inclusif, percutant et innovant\u00a0 relie les dialogues multipartites de haut niveau\u00a0du Forum du secteur priv\u00e9, du Global Impact Forum\u00a0\u00a0et des exemples de leadership du\u00a0SDG Business Forum. &nbsp; Au d\u00e9but de la semaine d&rsquo;ouverture de la prochaine session de l&rsquo;Assembl\u00e9e g\u00e9n\u00e9rale [&hellip;]<\/p>\n","protected":false},"author":1,"featured_media":7931,"comment_status":"closed","ping_status":"closed","sticky":false,"template":"","format":"standard","meta":{"_price":"","_stock":"","_tribe_ticket_header":"","_tribe_default_ticket_provider":"","_tribe_ticket_capacity":"0","_ticket_start_date":"","_ticket_end_date":"","_tribe_ticket_show_description":"","_tribe_ticket_show_not_going":false,"_tribe_ticket_use_global_stock":"","_tribe_ticket_global_stock_level":"","_global_stock_mode":"","_global_stock_cap":"","_tribe_rsvp_for_event":"","_tribe_ticket_going_count":"","_tribe_ticket_not_going_count":"","_tribe_tickets_list":[],"_tribe_ticket_has_attendee_info_fields":false,"footnotes":""},"categories":[1],"tags":[],"class_list":["post-7930","post","type-post","status-publish","format-standard","has-post-thumbnail","hentry","category-non-classe"],"_links":{"self":[{"href":"https:\/\/www.globalcompact-tunisia.org\/index.php\/wp-json\/wp\/v2\/posts\/7930","targetHints":{"allow":["GET"]}}],"collection":[{"href":"https:\/\/www.globalcompact-tunisia.org\/index.php\/wp-json\/wp\/v2\/posts"}],"about":[{"href":"https:\/\/www.globalcompact-tunisia.org\/index.php\/wp-json\/wp\/v2\/types\/post"}],"author":[{"embeddable":true,"href":"https:\/\/www.globalcompact-tunisia.org\/index.php\/wp-json\/wp\/v2\/users\/1"}],"replies":[{"embeddable":true,"href":"https:\/\/www.globalcompact-tunisia.org\/index.php\/wp-json\/wp\/v2\/comments?post=7930"}],"version-history":[{"count":1,"href":"https:\/\/www.globalcompact-tunisia.org\/index.php\/wp-json\/wp\/v2\/posts\/7930\/revisions"}],"predecessor-version":[{"id":7932,"href":"https:\/\/www.globalcompact-tunisia.org\/index.php\/wp-json\/wp\/v2\/posts\/7930\/revisions\/7932"}],"wp:featuredmedia":[{"embeddable":true,"href":"https:\/\/www.globalcompact-tunisia.org\/index.php\/wp-json\/wp\/v2\/media\/7931"}],"wp:attachment":[{"href":"https:\/\/www.globalcompact-tunisia.org\/index.php\/wp-json\/wp\/v2\/media?parent=7930"}],"wp:term":[{"taxonomy":"category","embeddable":true,"href":"https:\/\/www.globalcompact-tunisia.org\/index.php\/wp-json\/wp\/v2\/categories?post=7930"},{"taxonomy":"post_tag","embeddable":true,"href":"https:\/\/www.globalcompact-tunisia.org\/index.php\/wp-json\/wp\/v2\/tags?post=7930"}],"curies":[{"name":"wp","href":"https:\/\/api.w.org\/{rel}","templated":true}]}}