{"id":8411,"date":"2022-09-15T17:03:54","date_gmt":"2022-09-15T15:03:54","guid":{"rendered":"http:\/\/www.globalcompact-tunisia.org\/?p=8411"},"modified":"2022-09-15T17:03:54","modified_gmt":"2022-09-15T15:03:54","slug":"le-forum-international-sur-les-experiences-des-dirigeants-arabes-des-nations-unies-et-dans-les-instances-internationales-en-matiere-de-participation-aux-efforts-de-soutien-pour-atteindre-les-objectifs","status":"publish","type":"post","link":"https:\/\/www.globalcompact-tunisia.org\/index.php\/2022\/09\/15\/le-forum-international-sur-les-experiences-des-dirigeants-arabes-des-nations-unies-et-dans-les-instances-internationales-en-matiere-de-participation-aux-efforts-de-soutien-pour-atteindre-les-objectifs\/","title":{"rendered":"Le forum international sur les exp\u00e9riences des dirigeants arabes des Nations Unies et dans les instances internationales en mati\u00e8re de participation aux efforts de soutien pour atteindre les Objectifs de D\u00e9veloppement Durable"},"content":{"rendered":"<div dir=\"auto\">Participation du R\u00e9seau Pacte Mondial Tunisie au forum international sur les exp\u00e9riences des dirigeants arabes des Nations Unies et dans les instances internationales en mati\u00e8re de participation aux efforts de soutien pour atteindre les Objectifs de D\u00e9veloppement Durable, organis\u00e9 par le Regional CSR Network.<\/div>\n<div dir=\"auto\"><\/div>\n<div dir=\"auto\">M. Marrouki a \u00e9t\u00e9 honor\u00e9 lors de ce forum au cours duquel il a pr\u00e9sent\u00e9 \u00ab Les d\u00e9fis de la r\u00e9alisation des ODD en Tunisie et les pistes d\u2019actions pour les relever \u00bb et il a re\u00e7u le prix international d&rsquo;excellence dans le domaine du soutien aux efforts pour atteindre les objectifs de d\u00e9veloppement durable 2030.<\/div>\n","protected":false},"excerpt":{"rendered":"<p>Participation du R\u00e9seau Pacte Mondial Tunisie au forum international sur les exp\u00e9riences des dirigeants arabes des Nations Unies et dans les instances internationales en mati\u00e8re de participation aux efforts de soutien pour atteindre les Objectifs de D\u00e9veloppement Durable, organis\u00e9 par le Regional CSR Network. M. Marrouki a \u00e9t\u00e9 honor\u00e9 lors de ce forum au cours [&hellip;]<\/p>\n","protected":false},"author":1,"featured_media":8412,"comment_status":"closed","ping_status":"closed","sticky":false,"template":"","format":"standard","meta":{"_price":"","_stock":"","_tribe_ticket_header":"","_tribe_default_ticket_provider":"","_tribe_ticket_capacity":"0","_ticket_start_date":"","_ticket_end_date":"","_tribe_ticket_show_description":"","_tribe_ticket_show_not_going":false,"_tribe_ticket_use_global_stock":"","_tribe_ticket_global_stock_level":"","_global_stock_mode":"","_global_stock_cap":"","_tribe_rsvp_for_event":"","_tribe_ticket_going_count":"","_tribe_ticket_not_going_count":"","_tribe_tickets_list":[],"_tribe_ticket_has_attendee_info_fields":false,"footnotes":""},"categories":[1],"tags":[],"class_list":["post-8411","post","type-post","status-publish","format-standard","has-post-thumbnail","hentry","category-non-classe"],"_links":{"self":[{"href":"https:\/\/www.globalcompact-tunisia.org\/index.php\/wp-json\/wp\/v2\/posts\/8411","targetHints":{"allow":["GET"]}}],"collection":[{"href":"https:\/\/www.globalcompact-tunisia.org\/index.php\/wp-json\/wp\/v2\/posts"}],"about":[{"href":"https:\/\/www.globalcompact-tunisia.org\/index.php\/wp-json\/wp\/v2\/types\/post"}],"author":[{"embeddable":true,"href":"https:\/\/www.globalcompact-tunisia.org\/index.php\/wp-json\/wp\/v2\/users\/1"}],"replies":[{"embeddable":true,"href":"https:\/\/www.globalcompact-tunisia.org\/index.php\/wp-json\/wp\/v2\/comments?post=8411"}],"version-history":[{"count":2,"href":"https:\/\/www.globalcompact-tunisia.org\/index.php\/wp-json\/wp\/v2\/posts\/8411\/revisions"}],"predecessor-version":[{"id":8414,"href":"https:\/\/www.globalcompact-tunisia.org\/index.php\/wp-json\/wp\/v2\/posts\/8411\/revisions\/8414"}],"wp:featuredmedia":[{"embeddable":true,"href":"https:\/\/www.globalcompact-tunisia.org\/index.php\/wp-json\/wp\/v2\/media\/8412"}],"wp:attachment":[{"href":"https:\/\/www.globalcompact-tunisia.org\/index.php\/wp-json\/wp\/v2\/media?parent=8411"}],"wp:term":[{"taxonomy":"category","embeddable":true,"href":"https:\/\/www.globalcompact-tunisia.org\/index.php\/wp-json\/wp\/v2\/categories?post=8411"},{"taxonomy":"post_tag","embeddable":true,"href":"https:\/\/www.globalcompact-tunisia.org\/index.php\/wp-json\/wp\/v2\/tags?post=8411"}],"curies":[{"name":"wp","href":"https:\/\/api.w.org\/{rel}","templated":true}]}}