{"id":9660,"date":"2023-03-08T10:33:34","date_gmt":"2023-03-08T09:33:34","guid":{"rendered":"http:\/\/www.globalcompact-tunisia.org\/?p=9660"},"modified":"2023-03-08T10:33:34","modified_gmt":"2023-03-08T09:33:34","slug":"signature-dune-convention-de-partenariat-entre-le-reseau-pacte-mondial-tunisie-et-lagence-fonciere-industrielle","status":"publish","type":"post","link":"https:\/\/www.globalcompact-tunisia.org\/index.php\/2023\/03\/08\/signature-dune-convention-de-partenariat-entre-le-reseau-pacte-mondial-tunisie-et-lagence-fonciere-industrielle\/","title":{"rendered":"Signature d&rsquo;une convention de partenariat entre le r\u00e9seau Pacte Mondial Tunisie et l&rsquo;Agence Fonci\u00e8re Industrielle."},"content":{"rendered":"<div class=\"x11i5rnm xat24cr x1mh8g0r x1vvkbs xdj266r x126k92a\">\n<div dir=\"auto\">Lundi 6 Mars 2023<\/div>\n<\/div>\n<div class=\"x11i5rnm xat24cr x1mh8g0r x1vvkbs xtlvy1s x126k92a\">\n<div dir=\"auto\">Signature d&rsquo;une convention de partenariat entre le r\u00e9seau Pacte Mondial Tunisie et l&rsquo;Agence Fonci\u00e8re Industrielle.<\/div>\n<\/div>\n<div class=\"x11i5rnm xat24cr x1mh8g0r x1vvkbs xtlvy1s x126k92a\">\n<div dir=\"auto\">Cette convention s\u2019inscrit dans le cadre de la promotion des pratiques socialement responsables au sein de l\u2019Agence Fonci\u00e8re Industrielle (AFI). Elle constitue un cadre d\u2019engagement des dirigeants \u00e0 promouvoir les 10 principes du Pacte Mondial et les 17 Objectifs de D\u00e9veloppement Durable (ODD) des Nations Unies.<\/div>\n<div dir=\"auto\">L\u2019objet de la convention \u00e9tant d\u2019exprimer la volont\u00e9 des deux parties de converger leurs efforts pour la promotion de la RSE et des ODD au sein de la sph\u00e8re d\u2019influence de l\u2019Agence Fonci\u00e8re Industrielle.<\/div>\n<\/div>\n<div class=\"x11i5rnm xat24cr x1mh8g0r x1vvkbs xtlvy1s x126k92a\">\n<div dir=\"auto\">Ce partenariat vise \u00e0 consolider le concept de responsabilit\u00e9 sociale des entreprises et \u00e0 chercher \u00e0 l&rsquo;incarner sur le terrain pour atteindre les objectifs souhait\u00e9s.<\/div>\n<\/div>\n<div class=\"x11i5rnm xat24cr x1mh8g0r x1vvkbs xtlvy1s x126k92a\">\n<div dir=\"auto\">Un programme de travail a \u00e9galement \u00e9t\u00e9 \u00e9labor\u00e9 pour lancer la mise en \u0153uvre des diff\u00e9rents axes de la strat\u00e9gie de l&rsquo;agence en mati\u00e8re de Responsabilit\u00e9 soci\u00e9tale des entreprises<\/div>\n<\/div>\n","protected":false},"excerpt":{"rendered":"<p>Lundi 6 Mars 2023 Signature d&rsquo;une convention de partenariat entre le r\u00e9seau Pacte Mondial Tunisie et l&rsquo;Agence Fonci\u00e8re Industrielle. Cette convention s\u2019inscrit dans le cadre de la promotion des pratiques socialement responsables au sein de l\u2019Agence Fonci\u00e8re Industrielle (AFI). Elle constitue un cadre d\u2019engagement des dirigeants \u00e0 promouvoir les 10 principes du Pacte Mondial et [&hellip;]<\/p>\n","protected":false},"author":1,"featured_media":9661,"comment_status":"closed","ping_status":"closed","sticky":false,"template":"","format":"standard","meta":{"_price":"","_stock":"","_tribe_ticket_header":"","_tribe_default_ticket_provider":"","_tribe_ticket_capacity":"0","_ticket_start_date":"","_ticket_end_date":"","_tribe_ticket_show_description":"","_tribe_ticket_show_not_going":false,"_tribe_ticket_use_global_stock":"","_tribe_ticket_global_stock_level":"","_global_stock_mode":"","_global_stock_cap":"","_tribe_rsvp_for_event":"","_tribe_ticket_going_count":"","_tribe_ticket_not_going_count":"","_tribe_tickets_list":[],"_tribe_ticket_has_attendee_info_fields":false,"footnotes":""},"categories":[1],"tags":[],"class_list":["post-9660","post","type-post","status-publish","format-standard","has-post-thumbnail","hentry","category-non-classe"],"_links":{"self":[{"href":"https:\/\/www.globalcompact-tunisia.org\/index.php\/wp-json\/wp\/v2\/posts\/9660","targetHints":{"allow":["GET"]}}],"collection":[{"href":"https:\/\/www.globalcompact-tunisia.org\/index.php\/wp-json\/wp\/v2\/posts"}],"about":[{"href":"https:\/\/www.globalcompact-tunisia.org\/index.php\/wp-json\/wp\/v2\/types\/post"}],"author":[{"embeddable":true,"href":"https:\/\/www.globalcompact-tunisia.org\/index.php\/wp-json\/wp\/v2\/users\/1"}],"replies":[{"embeddable":true,"href":"https:\/\/www.globalcompact-tunisia.org\/index.php\/wp-json\/wp\/v2\/comments?post=9660"}],"version-history":[{"count":1,"href":"https:\/\/www.globalcompact-tunisia.org\/index.php\/wp-json\/wp\/v2\/posts\/9660\/revisions"}],"predecessor-version":[{"id":9662,"href":"https:\/\/www.globalcompact-tunisia.org\/index.php\/wp-json\/wp\/v2\/posts\/9660\/revisions\/9662"}],"wp:featuredmedia":[{"embeddable":true,"href":"https:\/\/www.globalcompact-tunisia.org\/index.php\/wp-json\/wp\/v2\/media\/9661"}],"wp:attachment":[{"href":"https:\/\/www.globalcompact-tunisia.org\/index.php\/wp-json\/wp\/v2\/media?parent=9660"}],"wp:term":[{"taxonomy":"category","embeddable":true,"href":"https:\/\/www.globalcompact-tunisia.org\/index.php\/wp-json\/wp\/v2\/categories?post=9660"},{"taxonomy":"post_tag","embeddable":true,"href":"https:\/\/www.globalcompact-tunisia.org\/index.php\/wp-json\/wp\/v2\/tags?post=9660"}],"curies":[{"name":"wp","href":"https:\/\/api.w.org\/{rel}","templated":true}]}}